{"id":1450,"date":"2016-04-11T08:00:27","date_gmt":"2016-04-11T06:00:27","guid":{"rendered":"http:\/\/www.disfrazzes.com\/blog\/?p=1450"},"modified":"2024-08-05T11:45:41","modified_gmt":"2024-08-05T09:45:41","slug":"consejos-para-escoger-accesorios-y-trajes-para-la-feria-de-abril","status":"publish","type":"post","link":"https:\/\/www.disfrazzes.com\/blog\/consejos-para-escoger-accesorios-y-trajes-para-la-feria-de-abril\/","title":{"rendered":"Consejos para escoger accesorios y trajes para la Feria de Abril"},"content":{"rendered":"<p>Como cada a\u00f1o en el mes de abril, la ciudad de Sevilla se viste de gala para celebrar una de las fiestas m\u00e1s importantes y populares de nuestro pa\u00eds. \u00a1Exacto! <strong>Estamos hablando de la Feria de Abril, una fiesta en la que por toda la capital hispalense resuenan los coches de caballos<\/strong>, est\u00e1n presentes las sevillanas en todas las esquinas y el olor a pescadito frito te hace la boca agua\u2026 \u00a1Sevilla tiene un color especial\u2026!<\/p>\n<p>Una feria que <strong>se celebrar\u00e1 este a\u00f1o durante los d\u00edas 12 y 17 de abril, y que se muestra sin duda como la semana m\u00e1s grande de la ciudad<\/strong>.\u00a0 El pistoletazo de salida se dar\u00e1 con la tradicional cena del pescadito frito, para luego dar paso al espectacular \u201calumbrao\u201d, con el que miles de bombillas se encienden para dar inicio y dar por inaugurada la fiesta. Pero eso s\u00ed, \u00a1<strong>cuidado con el rebujito<\/strong>! Est\u00e1 tan bueno que entre la m\u00fasica, las sevillanas y el colorido de la feria es posible que antes de que te des cuenta se te haya escapado de las manos.<\/p>\n<p>Y dentro de la Feria no hace falta decir que <strong>el vestuario desempe\u00f1ar\u00e1 un papel protagonista<\/strong>. Es una de las se\u00f1as de identidad y una de las claves que ha permitido que la Feria se muestre como una celebraci\u00f3n tan importante y tan prestigiosa no solo en la ciudad de Sevilla, sino en toda Espa\u00f1a.<\/p>\n<p>Los <strong>trajes de flamencas y de gitanas, las camisas rumberas, los zapatos de tac\u00f3n y los tocados en el pelo estar\u00e1n a la orden del<\/strong> d\u00eda y ser\u00e1n elementos fundamentales durante los 6 d\u00edas que dura la Feria.https:\/\/quickconnect.to\/JCnetID<\/p>\n<p>Por ello desde Disfrazzes <strong>hemos querido hacerle un homenaje a la\u00a0Feria de Abril<\/strong>. Y tenemos preparada una completa <strong><a href=\"https:\/\/www.disfrazzes.com\/celebracion\/disfraces-feria-de-abril\/\">secci\u00f3n para la Feria de Abril<\/a><\/strong> en la que encontrar\u00e1s todo tipo de complementos para sentirte como una sevillana o sevillano m\u00e1s. \u00bfQu\u00e9 te parece la idea? Ya huele a Feria y queremos que este a\u00f1o la disfrutes al m\u00e1ximo.<\/p>\n<p>&nbsp;<\/p>\n<h2><img decoding=\"async\" loading=\"lazy\" class=\"alignright wp-image-1455 size-thumbnail\" title=\"Disfraz Flamenca bailaora\" src=\"https:\/\/www.disfrazzes.com\/blog\/wp-content\/uploads\/2016\/04\/Disfraz-de-Flamenca-para-mujer-150x150.jpg\" alt=\"Disfraz Flamenca\" width=\"150\" height=\"150\" srcset=\"https:\/\/www.disfrazzes.com\/blog\/wp-content\/uploads\/2016\/04\/Disfraz-de-Flamenca-para-mujer-150x150.jpg 150w, https:\/\/www.disfrazzes.com\/blog\/wp-content\/uploads\/2016\/04\/Disfraz-de-Flamenca-para-mujer-300x300.jpg 300w, https:\/\/www.disfrazzes.com\/blog\/wp-content\/uploads\/2016\/04\/Disfraz-de-Flamenca-para-mujer-800x800.jpg 800w\" sizes=\"(max-width: 150px) 100vw, 150px\" \/>Disfraz de Flamenca<\/h2>\n<p>El <strong><a href=\"https:\/\/www.disfrazzes.com\/disfraz-de-flamenca-para-mujer_ref_33405.html\">traje de flamenca<\/a><\/strong> <strong>es el traje por excelencia de la Feria de Abril<\/strong>, de modo que no pod\u00eda faltar en nuestra selecci\u00f3n. Es la clave para ir perfecta y para sentirte la m\u00e1s sevillana de la Feria. Compl\u00e9talo con algunos de nuestros accesorios y disfruta de la fiesta m\u00e1s especial. \u00a1Qu\u00e9 arte mi arma!<\/p>\n<p>&nbsp;<\/p>\n<h2><img decoding=\"async\" loading=\"lazy\" class=\"alignright wp-image-1456 size-thumbnail\" title=\"Disfraz Rumbero bailaor\" src=\"https:\/\/www.disfrazzes.com\/blog\/wp-content\/uploads\/2016\/04\/Disfraz-de-Rumbero-para-hombre-150x150.jpg\" alt=\"Disfraz Rumbero\" width=\"150\" height=\"150\" srcset=\"https:\/\/www.disfrazzes.com\/blog\/wp-content\/uploads\/2016\/04\/Disfraz-de-Rumbero-para-hombre-150x150.jpg 150w, https:\/\/www.disfrazzes.com\/blog\/wp-content\/uploads\/2016\/04\/Disfraz-de-Rumbero-para-hombre-300x300.jpg 300w, https:\/\/www.disfrazzes.com\/blog\/wp-content\/uploads\/2016\/04\/Disfraz-de-Rumbero-para-hombre-800x800.jpg 800w\" sizes=\"(max-width: 150px) 100vw, 150px\" \/>Disfraz de Rumbero<\/h2>\n<p>Si quieres darle tu particular toque de humor a la Feria, <strong>con este<\/strong> <strong><a href=\"https:\/\/www.disfrazzes.com\/disfraz-de-rumbero-para-hombre_ref_33404.html\">disfraz de rumbero<\/a><\/strong> <strong>no tengas ninguna duda de que lo conseguir\u00e1s<\/strong>. Con sus cl\u00e1sicos volantes en las mangas, es el <strong>cl\u00e1sico traje de bailaor flamenco<\/strong>, que adem\u00e1s podr\u00e1s completar con cualquier accesorio de nuestra secci\u00f3n accesorios y maquillaje.<\/p>\n<p>&nbsp;<\/p>\n<h2><img decoding=\"async\" loading=\"lazy\" class=\"alignright wp-image-1454 size-thumbnail\" title=\"Disfraz Torero\" src=\"https:\/\/www.disfrazzes.com\/blog\/wp-content\/uploads\/2016\/04\/Disfraz-de-Torero-rojo-150x150.jpg\" alt=\"Disfraz Torero rojo\" width=\"150\" height=\"150\" srcset=\"https:\/\/www.disfrazzes.com\/blog\/wp-content\/uploads\/2016\/04\/Disfraz-de-Torero-rojo-150x150.jpg 150w, https:\/\/www.disfrazzes.com\/blog\/wp-content\/uploads\/2016\/04\/Disfraz-de-Torero-rojo-300x300.jpg 300w, https:\/\/www.disfrazzes.com\/blog\/wp-content\/uploads\/2016\/04\/Disfraz-de-Torero-rojo-800x800.jpg 800w\" sizes=\"(max-width: 150px) 100vw, 150px\" \/>Disfraz de torero para ni\u00f1os<\/h2>\n<p>La Plaza de Toros de La Maestranza es junto a la de Las Ventas la plaza por excelencia en nuestro pa\u00eds, y <strong>vive su semana m\u00e1s grande a lo largo de todo el a\u00f1o durante la Feria<\/strong>, en la que los toreros m\u00e1s prestigiosos de todo el pa\u00eds se re\u00fanen para tratar de salir por la puerta grande.<\/p>\n<p>El <strong>mundo del toreo va ligado a la ciudad de Sevilla<\/strong>, por ello creemos que <strong>este <a href=\"https:\/\/www.disfrazzes.com\/disfraz-de-torero-rojo_ref_33293.html\">disfraz de torero para ni\u00f1os<\/a> ser\u00e1 la mejor opci\u00f3n para que los m\u00e1s peque\u00f1os tambi\u00e9n puedan disfrutar<\/strong> de la Feria en su m\u00e1ximo esplendor. Ooooooool\u00e9!<\/p>\n<p>&nbsp;<\/p>\n<h2><img decoding=\"async\" loading=\"lazy\" class=\"alignright wp-image-1457 size-thumbnail\" title=\"Falda flamenca\" src=\"https:\/\/www.disfrazzes.com\/blog\/wp-content\/uploads\/2016\/04\/Falda-flamenca-roja-con-adornos-negros-150x150.jpg\" alt=\"Falda flamenca roja \" width=\"150\" height=\"150\" srcset=\"https:\/\/www.disfrazzes.com\/blog\/wp-content\/uploads\/2016\/04\/Falda-flamenca-roja-con-adornos-negros-150x150.jpg 150w, https:\/\/www.disfrazzes.com\/blog\/wp-content\/uploads\/2016\/04\/Falda-flamenca-roja-con-adornos-negros-300x300.jpg 300w, https:\/\/www.disfrazzes.com\/blog\/wp-content\/uploads\/2016\/04\/Falda-flamenca-roja-con-adornos-negros-800x800.jpg 800w\" sizes=\"(max-width: 150px) 100vw, 150px\" \/>\u00a0Falda Flamenca<\/h2>\n<p>Si no quieres llevar un traje de flamenca al completo, <strong>siempre puedes apostar por un detalle para tu vestuario<\/strong>, como esta t\u00edpica <strong><a href=\"https:\/\/www.disfrazzes.com\/falda-flamenca-roja-con-adornos-negros_ref_533ZZ.html\">falda flamenca roja con adornos negros<\/a><\/strong>. \u00a1No necesitar\u00e1s nada m\u00e1s! Y si lo prefieres, tambi\u00e9n est\u00e1 disponible en <strong><a href=\"https:\/\/www.disfrazzes.com\/falda-flamenca-negra-con-adornos-rojos_ref_532ZZ.html\">color negro con adornos rojos<\/a><\/strong>. \u00a1Hazte con la que m\u00e1s te guste!<\/p>\n<p>&nbsp;<\/p>\n<h2><img decoding=\"async\" loading=\"lazy\" class=\"alignright wp-image-1458 size-thumbnail\" title=\"Casta\u00f1uelas\" src=\"https:\/\/www.disfrazzes.com\/blog\/wp-content\/uploads\/2016\/04\/Casta\u00f1uelas-negras-con-lunares-rojos-150x150.jpg\" alt=\"Casta\u00f1uelas negras con lunares\" width=\"150\" height=\"150\" srcset=\"https:\/\/www.disfrazzes.com\/blog\/wp-content\/uploads\/2016\/04\/Casta\u00f1uelas-negras-con-lunares-rojos-150x150.jpg 150w, https:\/\/www.disfrazzes.com\/blog\/wp-content\/uploads\/2016\/04\/Casta\u00f1uelas-negras-con-lunares-rojos-300x300.jpg 300w, https:\/\/www.disfrazzes.com\/blog\/wp-content\/uploads\/2016\/04\/Casta\u00f1uelas-negras-con-lunares-rojos-800x800.jpg 800w\" sizes=\"(max-width: 150px) 100vw, 150px\" \/> Casta\u00f1uelas<\/h2>\n<p><strong>Si hay un instrumento por excelencia durante la Feria de Abril, sin lugar a dudas: las casta\u00f1uelas<\/strong>. Prep\u00e1rate porque las vas a escuchar a todas horas, mientras la gente baila al ritmo de las sevillanas. As\u00ed que si no quieres quedarte atr\u00e1s, echa un vistazo y hazte con las casta\u00f1uelas que m\u00e1s te gusten; <strong><a href=\"https:\/\/www.disfrazzes.com\/castanuelas-negras-con-lunares-rojos_ref_136PI.html\">casta\u00f1uelas negras con lunares rojos<\/a>, <a href=\"https:\/\/www.disfrazzes.com\/castanuelas-rojas-con-lunares-blancos_ref_135PI.html\">casta\u00f1uelas rojas con lunares blancos<\/a>, <a href=\"https:\/\/www.disfrazzes.com\/castanuelas-de-madera-en-color-natural_ref_122PI.html\">casta\u00f1uelas de madera<\/a><\/strong>\u2026 \u00bfCu\u00e1les son tus preferidas?<\/p>\n<p>&nbsp;<\/p>\n<h2><img decoding=\"async\" loading=\"lazy\" class=\"alignright wp-image-1459 size-thumbnail\" title=\"Peineta\" src=\"https:\/\/www.disfrazzes.com\/blog\/wp-content\/uploads\/2016\/04\/Peineta-flamenca-peque\u00f1a-de-13.6-x-11-cm-en-color-roja-150x150.jpg\" alt=\"Peineta flamenca\" width=\"150\" height=\"150\" srcset=\"https:\/\/www.disfrazzes.com\/blog\/wp-content\/uploads\/2016\/04\/Peineta-flamenca-peque\u00f1a-de-13.6-x-11-cm-en-color-roja-150x150.jpg 150w, https:\/\/www.disfrazzes.com\/blog\/wp-content\/uploads\/2016\/04\/Peineta-flamenca-peque\u00f1a-de-13.6-x-11-cm-en-color-roja-300x300.jpg 300w, https:\/\/www.disfrazzes.com\/blog\/wp-content\/uploads\/2016\/04\/Peineta-flamenca-peque\u00f1a-de-13.6-x-11-cm-en-color-roja-800x800.jpg 800w\" sizes=\"(max-width: 150px) 100vw, 150px\" \/>Peinetas<\/h2>\n<p>\u00bfY qu\u00e9 decir de las peinetas? <strong>Son el complemento ideal para disfrutar de los peinados m\u00e1s exclusivos<\/strong> que te permitan lucir de la mejor forma posible tu traje de flamenca. Las tenemos de todos los colores, por lo que no podr\u00e1s decir que no has encontrado una que vaya con tu traje; <strong><a href=\"https:\/\/www.disfrazzes.com\/peineta-flamenca-pequena-de-136-x-11-cm-en-color-roja_ref_334PI.html\">rojo<\/a>, <a href=\"https:\/\/www.disfrazzes.com\/peineta-flamenca-pequena-de-136-x-11-cm-en-color-fucsia_ref_335PI.html\">fucsia<\/a>, <a href=\"https:\/\/www.disfrazzes.com\/peineta-flamenca-grande-de-191-x-131-cm-en-color-negro_ref_341PI.html\">negro<\/a>, <a href=\"https:\/\/www.disfrazzes.com\/peineta-flamenca-grande-de-191-x-131-cm-en-color-azul_ref_342PI.html\">azul<\/a>, <a href=\"https:\/\/www.disfrazzes.com\/peineta-flamenca-grande-de-191-x-131-cm-en-color-blanco_ref_340PI.html\">blanco<\/a><\/strong>\u2026<\/p>\n<p><em>\u00a0<\/em><\/p>\n<h3>Sevilla, tan sonriente\u2026<\/h3>\n","protected":false},"excerpt":{"rendered":"<p>Como cada a\u00f1o en el mes de abril, la ciudad de Sevilla se viste de gala para celebrar una de las fiestas m\u00e1s importantes y populares de nuestro pa\u00eds. \u00a1Exacto! Estamos hablando de la Feria de Abril, una fiesta en&#8230;<\/p>\n","protected":false},"author":1,"featured_media":1462,"comment_status":"open","ping_status":"open","sticky":false,"template":"","format":"standard","meta":{"_monsterinsights_skip_tracking":false,"_monsterinsights_sitenote_active":false,"_monsterinsights_sitenote_note":"","_monsterinsights_sitenote_category":0},"categories":[29],"tags":[],"yoast_head":"<!-- This site is optimized with the Yoast SEO plugin v20.7 - https:\/\/yoast.com\/wordpress\/plugins\/seo\/ -->\n<title>Consejos para accesorios y trajes para la Feria de Abril<\/title>\n<meta name=\"robots\" content=\"index, follow, max-snippet:-1, max-image-preview:large, max-video-preview:-1\" \/>\n<link rel=\"canonical\" href=\"https:\/\/www.disfrazzes.com\/blog\/consejos-para-escoger-accesorios-y-trajes-para-la-feria-de-abril\/\" \/>\n<meta property=\"og:locale\" content=\"es_ES\" \/>\n<meta property=\"og:type\" content=\"article\" \/>\n<meta property=\"og:title\" content=\"Consejos para accesorios y trajes para la Feria de Abril\" \/>\n<meta property=\"og:description\" content=\"Como cada a\u00f1o en el mes de abril, la ciudad de Sevilla se viste de gala para celebrar una de las fiestas m\u00e1s importantes y populares de nuestro pa\u00eds. \u00a1Exacto! Estamos hablando de la Feria de Abril, una fiesta en...\" \/>\n<meta property=\"og:url\" content=\"https:\/\/www.disfrazzes.com\/blog\/consejos-para-escoger-accesorios-y-trajes-para-la-feria-de-abril\/\" \/>\n<meta property=\"og:site_name\" content=\"Blog de Disfrazzes\" \/>\n<meta property=\"article:published_time\" content=\"2016-04-11T06:00:27+00:00\" \/>\n<meta property=\"article:modified_time\" content=\"2024-08-05T09:45:41+00:00\" \/>\n<meta property=\"og:image\" content=\"https:\/\/www.disfrazzes.com\/blog\/wp-content\/uploads\/2016\/04\/feria-abril.jpg\" \/>\n\t<meta property=\"og:image:width\" content=\"1280\" \/>\n\t<meta property=\"og:image:height\" content=\"960\" \/>\n\t<meta property=\"og:image:type\" content=\"image\/jpeg\" \/>\n<meta name=\"author\" content=\"ZZ\" \/>\n<meta name=\"twitter:card\" content=\"summary_large_image\" \/>\n<meta name=\"twitter:label1\" content=\"Escrito por\" \/>\n\t<meta name=\"twitter:data1\" content=\"ZZ\" \/>\n\t<meta name=\"twitter:label2\" content=\"Tiempo de lectura\" \/>\n\t<meta name=\"twitter:data2\" content=\"4 minutos\" \/>\n<script type=\"application\/ld+json\" class=\"yoast-schema-graph\">{\"@context\":\"https:\/\/schema.org\",\"@graph\":[{\"@type\":\"WebPage\",\"@id\":\"https:\/\/www.disfrazzes.com\/blog\/consejos-para-escoger-accesorios-y-trajes-para-la-feria-de-abril\/\",\"url\":\"https:\/\/www.disfrazzes.com\/blog\/consejos-para-escoger-accesorios-y-trajes-para-la-feria-de-abril\/\",\"name\":\"Consejos para accesorios y trajes para la Feria de Abril\",\"isPartOf\":{\"@id\":\"\/blog\/#website\"},\"datePublished\":\"2016-04-11T06:00:27+00:00\",\"dateModified\":\"2024-08-05T09:45:41+00:00\",\"author\":{\"@id\":\"\/blog\/#\/schema\/person\/c1278ef066ea50140c6b31cfa783f854\"},\"breadcrumb\":{\"@id\":\"https:\/\/www.disfrazzes.com\/blog\/consejos-para-escoger-accesorios-y-trajes-para-la-feria-de-abril\/#breadcrumb\"},\"inLanguage\":\"es\",\"potentialAction\":[{\"@type\":\"ReadAction\",\"target\":[\"https:\/\/www.disfrazzes.com\/blog\/consejos-para-escoger-accesorios-y-trajes-para-la-feria-de-abril\/\"]}]},{\"@type\":\"BreadcrumbList\",\"@id\":\"https:\/\/www.disfrazzes.com\/blog\/consejos-para-escoger-accesorios-y-trajes-para-la-feria-de-abril\/#breadcrumb\",\"itemListElement\":[{\"@type\":\"ListItem\",\"position\":1,\"name\":\"Portada\",\"item\":\"\/blog\/\"},{\"@type\":\"ListItem\",\"position\":2,\"name\":\"Consejos para escoger accesorios y trajes para la Feria de Abril\"}]},{\"@type\":\"WebSite\",\"@id\":\"\/blog\/#website\",\"url\":\"\/blog\/\",\"name\":\"Blog de Disfrazzes\",\"description\":\"Tu tienda de disfraces online\",\"potentialAction\":[{\"@type\":\"SearchAction\",\"target\":{\"@type\":\"EntryPoint\",\"urlTemplate\":\"\/blog\/?s={search_term_string}\"},\"query-input\":\"required name=search_term_string\"}],\"inLanguage\":\"es\"},{\"@type\":\"Person\",\"@id\":\"\/blog\/#\/schema\/person\/c1278ef066ea50140c6b31cfa783f854\",\"name\":\"ZZ\",\"image\":{\"@type\":\"ImageObject\",\"inLanguage\":\"es\",\"@id\":\"\/blog\/#\/schema\/person\/image\/\",\"url\":\"https:\/\/secure.gravatar.com\/avatar\/75f8eb30c5caf488b8605e1274438604?s=96&d=mm&r=g\",\"contentUrl\":\"https:\/\/secure.gravatar.com\/avatar\/75f8eb30c5caf488b8605e1274438604?s=96&d=mm&r=g\",\"caption\":\"ZZ\"},\"url\":\"https:\/\/www.disfrazzes.com\/blog\/author\/admin\/\"}]}<\/script>\n<!-- \/ Yoast SEO plugin. -->","yoast_head_json":{"title":"Consejos para accesorios y trajes para la Feria de Abril","robots":{"index":"index","follow":"follow","max-snippet":"max-snippet:-1","max-image-preview":"max-image-preview:large","max-video-preview":"max-video-preview:-1"},"canonical":"https:\/\/www.disfrazzes.com\/blog\/consejos-para-escoger-accesorios-y-trajes-para-la-feria-de-abril\/","og_locale":"es_ES","og_type":"article","og_title":"Consejos para accesorios y trajes para la Feria de Abril","og_description":"Como cada a\u00f1o en el mes de abril, la ciudad de Sevilla se viste de gala para celebrar una de las fiestas m\u00e1s importantes y populares de nuestro pa\u00eds. \u00a1Exacto! Estamos hablando de la Feria de Abril, una fiesta en...","og_url":"https:\/\/www.disfrazzes.com\/blog\/consejos-para-escoger-accesorios-y-trajes-para-la-feria-de-abril\/","og_site_name":"Blog de Disfrazzes","article_published_time":"2016-04-11T06:00:27+00:00","article_modified_time":"2024-08-05T09:45:41+00:00","og_image":[{"width":1280,"height":960,"url":"https:\/\/www.disfrazzes.com\/blog\/wp-content\/uploads\/2016\/04\/feria-abril.jpg","type":"image\/jpeg"}],"author":"ZZ","twitter_card":"summary_large_image","twitter_misc":{"Escrito por":"ZZ","Tiempo de lectura":"4 minutos"},"schema":{"@context":"https:\/\/schema.org","@graph":[{"@type":"WebPage","@id":"https:\/\/www.disfrazzes.com\/blog\/consejos-para-escoger-accesorios-y-trajes-para-la-feria-de-abril\/","url":"https:\/\/www.disfrazzes.com\/blog\/consejos-para-escoger-accesorios-y-trajes-para-la-feria-de-abril\/","name":"Consejos para accesorios y trajes para la Feria de Abril","isPartOf":{"@id":"\/blog\/#website"},"datePublished":"2016-04-11T06:00:27+00:00","dateModified":"2024-08-05T09:45:41+00:00","author":{"@id":"\/blog\/#\/schema\/person\/c1278ef066ea50140c6b31cfa783f854"},"breadcrumb":{"@id":"https:\/\/www.disfrazzes.com\/blog\/consejos-para-escoger-accesorios-y-trajes-para-la-feria-de-abril\/#breadcrumb"},"inLanguage":"es","potentialAction":[{"@type":"ReadAction","target":["https:\/\/www.disfrazzes.com\/blog\/consejos-para-escoger-accesorios-y-trajes-para-la-feria-de-abril\/"]}]},{"@type":"BreadcrumbList","@id":"https:\/\/www.disfrazzes.com\/blog\/consejos-para-escoger-accesorios-y-trajes-para-la-feria-de-abril\/#breadcrumb","itemListElement":[{"@type":"ListItem","position":1,"name":"Portada","item":"\/blog\/"},{"@type":"ListItem","position":2,"name":"Consejos para escoger accesorios y trajes para la Feria de Abril"}]},{"@type":"WebSite","@id":"\/blog\/#website","url":"\/blog\/","name":"Blog de Disfrazzes","description":"Tu tienda de disfraces online","potentialAction":[{"@type":"SearchAction","target":{"@type":"EntryPoint","urlTemplate":"\/blog\/?s={search_term_string}"},"query-input":"required name=search_term_string"}],"inLanguage":"es"},{"@type":"Person","@id":"\/blog\/#\/schema\/person\/c1278ef066ea50140c6b31cfa783f854","name":"ZZ","image":{"@type":"ImageObject","inLanguage":"es","@id":"\/blog\/#\/schema\/person\/image\/","url":"https:\/\/secure.gravatar.com\/avatar\/75f8eb30c5caf488b8605e1274438604?s=96&d=mm&r=g","contentUrl":"https:\/\/secure.gravatar.com\/avatar\/75f8eb30c5caf488b8605e1274438604?s=96&d=mm&r=g","caption":"ZZ"},"url":"https:\/\/www.disfrazzes.com\/blog\/author\/admin\/"}]}},"_links":{"self":[{"href":"https:\/\/www.disfrazzes.com\/blog\/wp-json\/wp\/v2\/posts\/1450"}],"collection":[{"href":"https:\/\/www.disfrazzes.com\/blog\/wp-json\/wp\/v2\/posts"}],"about":[{"href":"https:\/\/www.disfrazzes.com\/blog\/wp-json\/wp\/v2\/types\/post"}],"author":[{"embeddable":true,"href":"https:\/\/www.disfrazzes.com\/blog\/wp-json\/wp\/v2\/users\/1"}],"replies":[{"embeddable":true,"href":"https:\/\/www.disfrazzes.com\/blog\/wp-json\/wp\/v2\/comments?post=1450"}],"version-history":[{"count":8,"href":"https:\/\/www.disfrazzes.com\/blog\/wp-json\/wp\/v2\/posts\/1450\/revisions"}],"predecessor-version":[{"id":2958,"href":"https:\/\/www.disfrazzes.com\/blog\/wp-json\/wp\/v2\/posts\/1450\/revisions\/2958"}],"wp:featuredmedia":[{"embeddable":true,"href":"https:\/\/www.disfrazzes.com\/blog\/wp-json\/wp\/v2\/media\/1462"}],"wp:attachment":[{"href":"https:\/\/www.disfrazzes.com\/blog\/wp-json\/wp\/v2\/media?parent=1450"}],"wp:term":[{"taxonomy":"category","embeddable":true,"href":"https:\/\/www.disfrazzes.com\/blog\/wp-json\/wp\/v2\/categories?post=1450"},{"taxonomy":"post_tag","embeddable":true,"href":"https:\/\/www.disfrazzes.com\/blog\/wp-json\/wp\/v2\/tags?post=1450"}],"curies":[{"name":"wp","href":"https:\/\/api.w.org\/{rel}","templated":true}]}}